{"id":355313,"date":"2022-03-31T15:21:23","date_gmt":"2022-03-31T19:21:23","guid":{"rendered":"https:\/\/test.universalchurchusa.org\/pt\/?p=355313"},"modified":"2022-11-03T12:02:49","modified_gmt":"2022-11-03T16:02:49","slug":"elizabeth-new-jersey","status":"publish","type":"post","link":"https:\/\/test.universalchurchusa.org\/pt\/post\/elizabeth-new-jersey\/","title":{"rendered":"Elizabeth, New Jersey"},"content":{"rendered":"<p>Em 2008, Elizabeth foi nomeada uma das &#8220;50 cidades mais verdes da Am\u00e9rica&#8221; pela revista Popular Science, a \u00fanica cidade selecionada em Nova Jersey.<span class=\"Apple-converted-space\">\u00a0<\/span><\/p>\n<p>Sendo considerada como a quarta maior cidade em New Jersey, EUA, Elizabeth \u00e9 o lar orgulhoso de muitos e, combinando seu passado hist\u00f3rico com um presente em desenvolvimento, a cidade \u00e9 um lugar vibrante, criativo e extremamente influente nos Estados Unidos.<span class=\"Apple-converted-space\">\u00a0<\/span><\/p>\n<p>\u00c9 uma cidade tamb\u00e9m conhecida pelos outlets \u201cOs Moinhos\u201d em Jersey Gardens, com compradores vindo de longe para uma visita.<span class=\"Apple-converted-space\">\u00a0<\/span><\/p>\n<p>Al\u00e9m disso, Elizabeth tamb\u00e9m \u00e9 conhecida, pela sua grande comunidade portuguesa e brasileira, onde possui v\u00e1rios restaurantes portugueses e lojas e mercados brasileiros.<span class=\"Apple-converted-space\">\u00a0<\/span><\/p>\n<p>Elizabeth \u00e9 um lugar perfeito para se residir, uma cidade descontra\u00edda e amig\u00e1vel, e o lugar oferece muitas atividades para crian\u00e7as e adultos, independentemente da \u00e9poca.<span class=\"Apple-converted-space\">\u00a0<\/span><\/p>\n<h3 style=\"text-align: center;\"><strong><span style=\"color: #000080;\">Igreja Universal Elizabeth, NJ\u00a0<\/span><\/strong><\/h3>\n<p>&nbsp;<\/p>\n<p><img loading=\"lazy\" decoding=\"async\" class=\"alignnone wp-image-357040 size-full\" src=\"https:\/\/test.universalchurchusa.org\/pt\/wp-content\/uploads\/sites\/7\/2022\/03\/2022-11-03-11.10.33.jpg\" alt=\"Elizabeth, New Jersey \" width=\"1280\" height=\"903\" srcset=\"https:\/\/test.universalchurchusa.org\/pt\/wp-content\/uploads\/sites\/7\/2022\/03\/2022-11-03-11.10.33.jpg 1280w, https:\/\/test.universalchurchusa.org\/pt\/wp-content\/uploads\/sites\/7\/2022\/03\/2022-11-03-11.10.33-300x212.jpg 300w, https:\/\/test.universalchurchusa.org\/pt\/wp-content\/uploads\/sites\/7\/2022\/03\/2022-11-03-11.10.33-1024x722.jpg 1024w, https:\/\/test.universalchurchusa.org\/pt\/wp-content\/uploads\/sites\/7\/2022\/03\/2022-11-03-11.10.33-768x542.jpg 768w, https:\/\/test.universalchurchusa.org\/pt\/wp-content\/uploads\/sites\/7\/2022\/03\/2022-11-03-11.10.33-365x257.jpg 365w, https:\/\/test.universalchurchusa.org\/pt\/wp-content\/uploads\/sites\/7\/2022\/03\/2022-11-03-11.10.33-318x224.jpg 318w\" sizes=\"auto, (max-width: 1280px) 100vw, 1280px\" \/><\/p>\n<p>A Universal abriu as suas portas em Elizabeth, NJ em novembro de 2019. Nos empenhamos para acolher a comunidade portuguesa e brasileira com o intuito de realizar o trabalho espiritual e assim alcan\u00e7ar os cansados e sofridos.<span class=\"Apple-converted-space\">\u00a0<\/span><\/p>\n<p>Muitos imigrantes v\u00eam para os Estados Unidos com o objetivo de mudarem de vida, mas com o decorrer do tempo, muitos se frustram em muitas \u00e1reas de suas vidas.<span class=\"Apple-converted-space\">\u00a0<\/span><\/p>\n<p>Por estarem longe dos que mais amam, a vida se torna uma solid\u00e3o.<span class=\"Apple-converted-space\">\u00a0<\/span><\/p>\n<p>Com objetivo de mudar essa situa\u00e7\u00e3o, temos realizado um trabalho evangel\u00edstico junto da comunidade, independente da sua nacionalidade, e dos problemas vividos. Diariamente as pessoas recebem ajuda espiritual, atrav\u00e9s de reuni\u00f5es di\u00e1rias e ora\u00e7\u00f5es.<span class=\"Apple-converted-space\">\u00a0<\/span><\/p>\n<p>Para al\u00e9m das reuni\u00f5es e da evangeliza\u00e7\u00e3o nas ruas, sempre realizamos um trabalho espiritual, para ajudar a todos os que necessitam de uma palavra de \u00e2nimo.<span class=\"Apple-converted-space\">\u00a0<\/span><\/p>\n<p>Aos <strong><span style=\"color: #000080;\"><a style=\"color: #000080;\" href=\"https:\/\/test.universalchurchusa.org\/pt\/agenda\/post\/domingo\/\">domingos<\/a><\/span><\/strong> \u00e0s 8:30 am, acontece nossa reuni\u00e3o principal, dedicamos tempo para ler a palavra de Deus e buscar o Esp\u00edrito Santo, tamb\u00e9m s\u00e3o realizadas ora\u00e7\u00f5es em prol da fam\u00edlia, cura, enfim, com esse trabalho muitos t\u00eam alcan\u00e7ado a transforma\u00e7\u00e3o das suas vidas atrav\u00e9s da f\u00e9.<span class=\"Apple-converted-space\">\u00a0<\/span><\/p>\n<p>Na Universal em Elizabeth, todos os volunt\u00e1rios, t\u00eam trabalhado em uni\u00e3o, com um s\u00f3 objetivo, levar a Salva\u00e7\u00e3o. O grupo do EVG sai pelas ruas da cidade, levando a palavra de Deus, a todos os que sofrem.<span class=\"Apple-converted-space\">\u00a0<\/span><\/p>\n<p>A igreja tamb\u00e9m conta com sala para crian\u00e7as, o CBC. Os adolescentes contam com o apoio do grupo TPG que os ensinam e formam segundo a palavra de Deus para serem e fazerem a diferen\u00e7a.<span class=\"Apple-converted-space\">\u00a0<\/span><\/p>\n<p>No grupo Calebe os idosos s\u00e3o realmente valorizados e respeitados. O grupo YPG que tem alcan\u00e7ado os jovens, os quais muitos estavam se afundando nas drogas, na depress\u00e3o e at\u00e9 mesmo aqueles que tinham pensamentos de suic\u00eddio.<span class=\"Apple-converted-space\">\u00a0<\/span><\/p>\n<p>Na Universal todos encontram uma fam\u00edlia que os ajuda e apoia, com muitas atividades e ensinamentos de f\u00e9.<span class=\"Apple-converted-space\">\u00a0<\/span><\/p>\n<p>E esse \u00e9 o \u00fanico objetivo deste trabalho, que conta com o apoio incondicional de todos que se empenham diariamente no ganho de almas.<span class=\"Apple-converted-space\">\u00a0<\/span><\/p>\n<p>Para mais informa\u00e7\u00f5es ligue na nossa linha de ajuda (908) 368-1414. Se voc\u00ea mora em Elizabeth ou em alguma cidade vizinha, fa\u00e7a-nos uma visita. Esperamos por voc\u00ea.<span class=\"Apple-converted-space\">\u00a0<\/span><\/p>\n<blockquote>\n<h2 style=\"text-align: center;\"><span style=\"color: #000080;\"><b>\u201cVivia num completo vazio, tudo dava errado para mim.\u201d<\/b><\/span><\/h2>\n<p><img loading=\"lazy\" decoding=\"async\" class=\"size-medium wp-image-357041 alignleft\" src=\"https:\/\/test.universalchurchusa.org\/pt\/wp-content\/uploads\/sites\/7\/2022\/03\/2022-11-03-11.10.37-225x300.jpg\" alt=\"\" width=\"225\" height=\"300\" srcset=\"https:\/\/test.universalchurchusa.org\/pt\/wp-content\/uploads\/sites\/7\/2022\/03\/2022-11-03-11.10.37-225x300.jpg 225w, https:\/\/test.universalchurchusa.org\/pt\/wp-content\/uploads\/sites\/7\/2022\/03\/2022-11-03-11.10.37-318x424.jpg 318w, https:\/\/test.universalchurchusa.org\/pt\/wp-content\/uploads\/sites\/7\/2022\/03\/2022-11-03-11.10.37.jpg 480w\" sizes=\"auto, (max-width: 225px) 100vw, 225px\" \/>Ao chegar nos Estados Unidos, assim como todo jovem, eu tinha um sonho de um futuro melhor. Eu j\u00e1 fazia parte da igreja, mas com o tempo fui esfriando espiritualmente e me afastei. Longe de Deus sentia-me sozinho, por isso procurei resolver isso em relacionamentos e o que parecia felicidade era s\u00f3 tristeza.<\/p>\n<p>Por muitos anos sofri com problemas na vida sentimental, n\u00e3o conseguia manter um relacionamento com ningu\u00e9m, vivia sempre frustrado e decepcionado e quando tudo acabava, entrava em depress\u00e3o. Vivia num completo vazio, tudo dava errado para mim.<\/p>\n<p>Cheguei ao ponto de n\u00e3o querer mais nenhum relacionamento s\u00e9rio, envolvia-me com v\u00e1rias mulheres ao mesmo tempo, al\u00e9m disso bebia muito nos fins de semana com os amigos. A minha vida estava um completo fracasso.<\/p>\n<p>Sempre me sentia s\u00f3. Nada me preenchia, parecia que todos estavam contra mim.<\/p>\n<p>Al\u00e9m dos problemas sentimentais eu sofria tamb\u00e9m com um problema espiritual, pelas madrugadas acordava paralisado, sentindo um grande peso sobre mim e n\u00e3o conseguia me mover mesmo estando acordado na cama. Era algo inexplic\u00e1vel. Acordava muitas vezes em p\u00e2nico.<\/p>\n<p>Na minha vida econ\u00f4mica, trabalhava muito, mas n\u00e3o conseguia guardar dinheiro. Sempre em d\u00edvidas, e com problemas econ\u00f4micos.<\/p>\n<p>Os meus pais, que iam na igreja, nunca deixaram de orar por mim, at\u00e9 que um dia eu resolvi voltar. Quando voltei para a igreja e comecei a escutar o pastor atentamente decidi me entregar completamente para Deus. Deixei o pecado, larguei as coisas erradas que fazia e minha vida come\u00e7ou a mudar. Hoje n\u00e3o preciso das coisas do mundo para me satisfazer. Tive uma experi\u00eancia incr\u00edvel com Deus, Ele tirou a dor do meu interior, aquele vazio na minha vida foi preenchido com o Esp\u00edrito Santo.<\/p>\n<p>Hoje sou feliz. Estou casado com uma mulher de Deus h\u00e1 10 anos. Deus restaurou cada \u00e1rea da minha vida: financeira, familiar e espiritual. Hoje sou um novo homem, feliz e realizado, gra\u00e7as \u00e0 presen\u00e7a de Deus dentro de mim.<\/p>\n<p><span style=\"color: #000080;\"><b>Luiz Pav\u00e3o<\/b><\/span><\/p>\n<p><a href=\"https:\/\/www.google.com\/maps\/place\/Igreja+Universal\/@40.670738,-74.2151548,17z\/data=!3m1!4b1!4m5!3m4!1s0x89c2535adb739475:0xe5753c41a2dbf323!8m2!3d40.670738!4d-74.2151548\"><span style=\"color: #000080;\">Elizabeth, NJ<\/span><\/a><\/p><\/blockquote>\n<p>Encontre <span style=\"color: #000080;\"><strong><a style=\"color: #000080;\" href=\"https:\/\/test.universalchurchusa.org\/pt\/enderecos\/\">uma Universal mais perto de voc\u00ea.\u00a0<\/a><\/strong><\/span><\/p>\n","protected":false},"excerpt":{"rendered":"<p>Em 2008, Elizabeth foi nomeada uma das &#8220;50 cidades mais verdes da Am\u00e9rica&#8221; pela revista Popular Science, a \u00fanica cidade selecionada em Nova Jersey.\u00a0 Sendo considerada como a quarta maior cidade em New Jersey, EUA, Elizabeth \u00e9 o lar orgulhoso de muitos e, combinando seu passado hist\u00f3rico com um presente em desenvolvimento, a cidade \u00e9 [&hellip;]<\/p>\n","protected":false},"author":246,"featured_media":357039,"comment_status":"open","ping_status":"open","sticky":false,"template":"","format":"standard","meta":{"_monsterinsights_skip_tracking":false,"_monsterinsights_sitenote_active":false,"_monsterinsights_sitenote_note":"","_monsterinsights_sitenote_category":0,"footnotes":""},"categories":[19505],"tags":[],"site":[],"class_list":["post-355313","post","type-post","status-publish","format-standard","has-post-thumbnail","hentry","category-comunidade-em-foco"],"yoast_head":"<!-- This site is optimized with the Yoast SEO plugin v27.5 - https:\/\/yoast.com\/product\/yoast-seo-wordpress\/ -->\n<title>Elizabeth, New Jersey - Comunidade em Foco<\/title>\n<meta name=\"robots\" content=\"index, follow, max-snippet:-1, max-image-preview:large, max-video-preview:-1\" \/>\n<link rel=\"canonical\" href=\"https:\/\/test.universalchurchusa.org\/pt\/post\/elizabeth-new-jersey\/\" \/>\n<meta property=\"og:locale\" content=\"en_US\" \/>\n<meta property=\"article:publisher\" content=\"https:\/\/www.facebook.com\/theuniversalchurch\" \/>\n<meta property=\"article:published_time\" content=\"2022-03-31T19:21:23+00:00\" \/>\n<meta property=\"article:modified_time\" content=\"2022-11-03T16:02:49+00:00\" \/>\n<meta property=\"og:image\" content=\"https:\/\/test.universalchurchusa.org\/pt\/wp-content\/uploads\/sites\/7\/2022\/03\/1-201-757-7665-1024x739.png\" \/>\n\t<meta property=\"og:image:width\" content=\"1024\" \/>\n\t<meta property=\"og:image:height\" content=\"739\" \/>\n\t<meta property=\"og:image:type\" content=\"image\/png\" \/>\n<meta name=\"author\" content=\"taniaaraujo\" \/>\n<meta name=\"twitter:label1\" content=\"Written by\" \/>\n\t<meta name=\"twitter:data1\" content=\"taniaaraujo\" \/>\n\t<meta name=\"twitter:label2\" content=\"Est. reading time\" \/>\n\t<meta name=\"twitter:data2\" content=\"6 minutes\" \/>\n<script type=\"application\/ld+json\" class=\"yoast-schema-graph\">{\"@context\":\"https:\\\/\\\/schema.org\",\"@graph\":[{\"@type\":\"Article\",\"@id\":\"https:\\\/\\\/test.universalchurchusa.org\\\/pt\\\/post\\\/elizabeth-new-jersey\\\/#article\",\"isPartOf\":{\"@id\":\"https:\\\/\\\/test.universalchurchusa.org\\\/pt\\\/post\\\/elizabeth-new-jersey\\\/\"},\"author\":{\"name\":\"taniaaraujo\",\"@id\":\"https:\\\/\\\/test.universalchurchusa.org\\\/pt\\\/#\\\/schema\\\/person\\\/f6a97222153b73401750a3e2c1957969\"},\"headline\":\"Elizabeth, New Jersey\",\"datePublished\":\"2022-03-31T19:21:23+00:00\",\"dateModified\":\"2022-11-03T16:02:49+00:00\",\"mainEntityOfPage\":{\"@id\":\"https:\\\/\\\/test.universalchurchusa.org\\\/pt\\\/post\\\/elizabeth-new-jersey\\\/\"},\"wordCount\":903,\"commentCount\":0,\"publisher\":{\"@id\":\"https:\\\/\\\/test.universalchurchusa.org\\\/pt\\\/#organization\"},\"image\":{\"@id\":\"https:\\\/\\\/test.universalchurchusa.org\\\/pt\\\/post\\\/elizabeth-new-jersey\\\/#primaryimage\"},\"thumbnailUrl\":\"https:\\\/\\\/test.universalchurchusa.org\\\/pt\\\/wp-content\\\/uploads\\\/sites\\\/7\\\/2022\\\/03\\\/1-201-757-7665.png\",\"articleSection\":[\"Comunidade em Foco\"],\"inLanguage\":\"en-US\",\"potentialAction\":[{\"@type\":\"CommentAction\",\"name\":\"Comment\",\"target\":[\"https:\\\/\\\/test.universalchurchusa.org\\\/pt\\\/post\\\/elizabeth-new-jersey\\\/#respond\"]}]},{\"@type\":\"WebPage\",\"@id\":\"https:\\\/\\\/test.universalchurchusa.org\\\/pt\\\/post\\\/elizabeth-new-jersey\\\/\",\"url\":\"https:\\\/\\\/test.universalchurchusa.org\\\/pt\\\/post\\\/elizabeth-new-jersey\\\/\",\"name\":\"Elizabeth, New Jersey - Comunidade em Foco\",\"isPartOf\":{\"@id\":\"https:\\\/\\\/test.universalchurchusa.org\\\/pt\\\/#website\"},\"primaryImageOfPage\":{\"@id\":\"https:\\\/\\\/test.universalchurchusa.org\\\/pt\\\/post\\\/elizabeth-new-jersey\\\/#primaryimage\"},\"image\":{\"@id\":\"https:\\\/\\\/test.universalchurchusa.org\\\/pt\\\/post\\\/elizabeth-new-jersey\\\/#primaryimage\"},\"thumbnailUrl\":\"https:\\\/\\\/test.universalchurchusa.org\\\/pt\\\/wp-content\\\/uploads\\\/sites\\\/7\\\/2022\\\/03\\\/1-201-757-7665.png\",\"datePublished\":\"2022-03-31T19:21:23+00:00\",\"dateModified\":\"2022-11-03T16:02:49+00:00\",\"description\":\"Em 2008, Elizabeth foi nomeada uma das \\\"50 cidades mais verdes da Am\u00e9rica\\\" pela revista Popular Science, a \u00fanica cidade selecionada em...\",\"breadcrumb\":{\"@id\":\"https:\\\/\\\/test.universalchurchusa.org\\\/pt\\\/post\\\/elizabeth-new-jersey\\\/#breadcrumb\"},\"inLanguage\":\"en-US\",\"potentialAction\":[{\"@type\":\"ReadAction\",\"target\":[\"https:\\\/\\\/test.universalchurchusa.org\\\/pt\\\/post\\\/elizabeth-new-jersey\\\/\"]}]},{\"@type\":\"ImageObject\",\"inLanguage\":\"en-US\",\"@id\":\"https:\\\/\\\/test.universalchurchusa.org\\\/pt\\\/post\\\/elizabeth-new-jersey\\\/#primaryimage\",\"url\":\"https:\\\/\\\/test.universalchurchusa.org\\\/pt\\\/wp-content\\\/uploads\\\/sites\\\/7\\\/2022\\\/03\\\/1-201-757-7665.png\",\"contentUrl\":\"https:\\\/\\\/test.universalchurchusa.org\\\/pt\\\/wp-content\\\/uploads\\\/sites\\\/7\\\/2022\\\/03\\\/1-201-757-7665.png\",\"width\":1280,\"height\":924,\"caption\":\"Elizabeth, New Jersey\"},{\"@type\":\"BreadcrumbList\",\"@id\":\"https:\\\/\\\/test.universalchurchusa.org\\\/pt\\\/post\\\/elizabeth-new-jersey\\\/#breadcrumb\",\"itemListElement\":[{\"@type\":\"ListItem\",\"position\":1,\"name\":\"Home\",\"item\":\"https:\\\/\\\/test.universalchurchusa.org\\\/pt\\\/\"},{\"@type\":\"ListItem\",\"position\":2,\"name\":\"Comunidade em Foco\",\"item\":\"https:\\\/\\\/test.universalchurchusa.org\\\/pt\\\/category\\\/comunidade-em-foco\\\/\"},{\"@type\":\"ListItem\",\"position\":3,\"name\":\"Elizabeth, New Jersey\"}]},{\"@type\":\"WebSite\",\"@id\":\"https:\\\/\\\/test.universalchurchusa.org\\\/pt\\\/#website\",\"url\":\"https:\\\/\\\/test.universalchurchusa.org\\\/pt\\\/\",\"name\":\"Igreja Universal\",\"description\":\"Bem-vindo ao portal oficial da Igreja Universal nos Estados Unidos. Aqui voc\u00ea encontrar\u00e1 informa\u00e7\u00f5es sobre comportamento crist\u00e3o, trabalho comunitario, estudos b\u00edblicos, dicas e muito mais.\",\"publisher\":{\"@id\":\"https:\\\/\\\/test.universalchurchusa.org\\\/pt\\\/#organization\"},\"potentialAction\":[{\"@type\":\"SearchAction\",\"target\":{\"@type\":\"EntryPoint\",\"urlTemplate\":\"https:\\\/\\\/test.universalchurchusa.org\\\/pt\\\/?s={search_term_string}\"},\"query-input\":{\"@type\":\"PropertyValueSpecification\",\"valueRequired\":true,\"valueName\":\"search_term_string\"}}],\"inLanguage\":\"en-US\"},{\"@type\":\"Organization\",\"@id\":\"https:\\\/\\\/test.universalchurchusa.org\\\/pt\\\/#organization\",\"name\":\"The Universal Church\",\"alternateName\":\"TUC\",\"url\":\"https:\\\/\\\/test.universalchurchusa.org\\\/pt\\\/\",\"logo\":{\"@type\":\"ImageObject\",\"inLanguage\":\"en-US\",\"@id\":\"https:\\\/\\\/test.universalchurchusa.org\\\/pt\\\/#\\\/schema\\\/logo\\\/image\\\/\",\"url\":\"https:\\\/\\\/test.universalchurchusa.org\\\/pt\\\/wp-content\\\/uploads\\\/sites\\\/7\\\/2023\\\/02\\\/Heart-Logo-2-e1676326144384.png\",\"contentUrl\":\"https:\\\/\\\/test.universalchurchusa.org\\\/pt\\\/wp-content\\\/uploads\\\/sites\\\/7\\\/2023\\\/02\\\/Heart-Logo-2-e1676326144384.png\",\"width\":200,\"height\":113,\"caption\":\"The Universal Church\"},\"image\":{\"@id\":\"https:\\\/\\\/test.universalchurchusa.org\\\/pt\\\/#\\\/schema\\\/logo\\\/image\\\/\"},\"sameAs\":[\"https:\\\/\\\/www.facebook.com\\\/theuniversalchurch\"]},{\"@type\":\"Person\",\"@id\":\"https:\\\/\\\/test.universalchurchusa.org\\\/pt\\\/#\\\/schema\\\/person\\\/f6a97222153b73401750a3e2c1957969\",\"name\":\"taniaaraujo\",\"image\":{\"@type\":\"ImageObject\",\"inLanguage\":\"en-US\",\"@id\":\"https:\\\/\\\/secure.gravatar.com\\\/avatar\\\/c3755061655e2191693d8c9aaca63d23bd5a330e880200b752e5d8940315be2c?s=96&d=mm&r=g\",\"url\":\"https:\\\/\\\/secure.gravatar.com\\\/avatar\\\/c3755061655e2191693d8c9aaca63d23bd5a330e880200b752e5d8940315be2c?s=96&d=mm&r=g\",\"contentUrl\":\"https:\\\/\\\/secure.gravatar.com\\\/avatar\\\/c3755061655e2191693d8c9aaca63d23bd5a330e880200b752e5d8940315be2c?s=96&d=mm&r=g\",\"caption\":\"taniaaraujo\"},\"url\":\"https:\\\/\\\/test.universalchurchusa.org\\\/pt\\\/author\\\/taniaaraujo\\\/\"}]}<\/script>\n<!-- \/ Yoast SEO plugin. -->","yoast_head_json":{"title":"Elizabeth, New Jersey - Comunidade em Foco","robots":{"index":"index","follow":"follow","max-snippet":"max-snippet:-1","max-image-preview":"max-image-preview:large","max-video-preview":"max-video-preview:-1"},"canonical":"https:\/\/test.universalchurchusa.org\/pt\/post\/elizabeth-new-jersey\/","og_locale":"en_US","article_publisher":"https:\/\/www.facebook.com\/theuniversalchurch","article_published_time":"2022-03-31T19:21:23+00:00","article_modified_time":"2022-11-03T16:02:49+00:00","og_image":[{"width":1024,"height":739,"url":"https:\/\/test.universalchurchusa.org\/pt\/wp-content\/uploads\/sites\/7\/2022\/03\/1-201-757-7665-1024x739.png","type":"image\/png"}],"author":"taniaaraujo","twitter_misc":{"Written by":"taniaaraujo","Est. reading time":"6 minutes"},"schema":{"@context":"https:\/\/schema.org","@graph":[{"@type":"Article","@id":"https:\/\/test.universalchurchusa.org\/pt\/post\/elizabeth-new-jersey\/#article","isPartOf":{"@id":"https:\/\/test.universalchurchusa.org\/pt\/post\/elizabeth-new-jersey\/"},"author":{"name":"taniaaraujo","@id":"https:\/\/test.universalchurchusa.org\/pt\/#\/schema\/person\/f6a97222153b73401750a3e2c1957969"},"headline":"Elizabeth, New Jersey","datePublished":"2022-03-31T19:21:23+00:00","dateModified":"2022-11-03T16:02:49+00:00","mainEntityOfPage":{"@id":"https:\/\/test.universalchurchusa.org\/pt\/post\/elizabeth-new-jersey\/"},"wordCount":903,"commentCount":0,"publisher":{"@id":"https:\/\/test.universalchurchusa.org\/pt\/#organization"},"image":{"@id":"https:\/\/test.universalchurchusa.org\/pt\/post\/elizabeth-new-jersey\/#primaryimage"},"thumbnailUrl":"https:\/\/test.universalchurchusa.org\/pt\/wp-content\/uploads\/sites\/7\/2022\/03\/1-201-757-7665.png","articleSection":["Comunidade em Foco"],"inLanguage":"en-US","potentialAction":[{"@type":"CommentAction","name":"Comment","target":["https:\/\/test.universalchurchusa.org\/pt\/post\/elizabeth-new-jersey\/#respond"]}]},{"@type":"WebPage","@id":"https:\/\/test.universalchurchusa.org\/pt\/post\/elizabeth-new-jersey\/","url":"https:\/\/test.universalchurchusa.org\/pt\/post\/elizabeth-new-jersey\/","name":"Elizabeth, New Jersey - Comunidade em Foco","isPartOf":{"@id":"https:\/\/test.universalchurchusa.org\/pt\/#website"},"primaryImageOfPage":{"@id":"https:\/\/test.universalchurchusa.org\/pt\/post\/elizabeth-new-jersey\/#primaryimage"},"image":{"@id":"https:\/\/test.universalchurchusa.org\/pt\/post\/elizabeth-new-jersey\/#primaryimage"},"thumbnailUrl":"https:\/\/test.universalchurchusa.org\/pt\/wp-content\/uploads\/sites\/7\/2022\/03\/1-201-757-7665.png","datePublished":"2022-03-31T19:21:23+00:00","dateModified":"2022-11-03T16:02:49+00:00","description":"Em 2008, Elizabeth foi nomeada uma das \"50 cidades mais verdes da Am\u00e9rica\" pela revista Popular Science, a \u00fanica cidade selecionada em...","breadcrumb":{"@id":"https:\/\/test.universalchurchusa.org\/pt\/post\/elizabeth-new-jersey\/#breadcrumb"},"inLanguage":"en-US","potentialAction":[{"@type":"ReadAction","target":["https:\/\/test.universalchurchusa.org\/pt\/post\/elizabeth-new-jersey\/"]}]},{"@type":"ImageObject","inLanguage":"en-US","@id":"https:\/\/test.universalchurchusa.org\/pt\/post\/elizabeth-new-jersey\/#primaryimage","url":"https:\/\/test.universalchurchusa.org\/pt\/wp-content\/uploads\/sites\/7\/2022\/03\/1-201-757-7665.png","contentUrl":"https:\/\/test.universalchurchusa.org\/pt\/wp-content\/uploads\/sites\/7\/2022\/03\/1-201-757-7665.png","width":1280,"height":924,"caption":"Elizabeth, New Jersey"},{"@type":"BreadcrumbList","@id":"https:\/\/test.universalchurchusa.org\/pt\/post\/elizabeth-new-jersey\/#breadcrumb","itemListElement":[{"@type":"ListItem","position":1,"name":"Home","item":"https:\/\/test.universalchurchusa.org\/pt\/"},{"@type":"ListItem","position":2,"name":"Comunidade em Foco","item":"https:\/\/test.universalchurchusa.org\/pt\/category\/comunidade-em-foco\/"},{"@type":"ListItem","position":3,"name":"Elizabeth, New Jersey"}]},{"@type":"WebSite","@id":"https:\/\/test.universalchurchusa.org\/pt\/#website","url":"https:\/\/test.universalchurchusa.org\/pt\/","name":"Igreja Universal","description":"Bem-vindo ao portal oficial da Igreja Universal nos Estados Unidos. Aqui voc\u00ea encontrar\u00e1 informa\u00e7\u00f5es sobre comportamento crist\u00e3o, trabalho comunitario, estudos b\u00edblicos, dicas e muito mais.","publisher":{"@id":"https:\/\/test.universalchurchusa.org\/pt\/#organization"},"potentialAction":[{"@type":"SearchAction","target":{"@type":"EntryPoint","urlTemplate":"https:\/\/test.universalchurchusa.org\/pt\/?s={search_term_string}"},"query-input":{"@type":"PropertyValueSpecification","valueRequired":true,"valueName":"search_term_string"}}],"inLanguage":"en-US"},{"@type":"Organization","@id":"https:\/\/test.universalchurchusa.org\/pt\/#organization","name":"The Universal Church","alternateName":"TUC","url":"https:\/\/test.universalchurchusa.org\/pt\/","logo":{"@type":"ImageObject","inLanguage":"en-US","@id":"https:\/\/test.universalchurchusa.org\/pt\/#\/schema\/logo\/image\/","url":"https:\/\/test.universalchurchusa.org\/pt\/wp-content\/uploads\/sites\/7\/2023\/02\/Heart-Logo-2-e1676326144384.png","contentUrl":"https:\/\/test.universalchurchusa.org\/pt\/wp-content\/uploads\/sites\/7\/2023\/02\/Heart-Logo-2-e1676326144384.png","width":200,"height":113,"caption":"The Universal Church"},"image":{"@id":"https:\/\/test.universalchurchusa.org\/pt\/#\/schema\/logo\/image\/"},"sameAs":["https:\/\/www.facebook.com\/theuniversalchurch"]},{"@type":"Person","@id":"https:\/\/test.universalchurchusa.org\/pt\/#\/schema\/person\/f6a97222153b73401750a3e2c1957969","name":"taniaaraujo","image":{"@type":"ImageObject","inLanguage":"en-US","@id":"https:\/\/secure.gravatar.com\/avatar\/c3755061655e2191693d8c9aaca63d23bd5a330e880200b752e5d8940315be2c?s=96&d=mm&r=g","url":"https:\/\/secure.gravatar.com\/avatar\/c3755061655e2191693d8c9aaca63d23bd5a330e880200b752e5d8940315be2c?s=96&d=mm&r=g","contentUrl":"https:\/\/secure.gravatar.com\/avatar\/c3755061655e2191693d8c9aaca63d23bd5a330e880200b752e5d8940315be2c?s=96&d=mm&r=g","caption":"taniaaraujo"},"url":"https:\/\/test.universalchurchusa.org\/pt\/author\/taniaaraujo\/"}]}},"amp_enabled":true,"_links":{"self":[{"href":"https:\/\/test.universalchurchusa.org\/pt\/wp-json\/wp\/v2\/posts\/355313","targetHints":{"allow":["GET"]}}],"collection":[{"href":"https:\/\/test.universalchurchusa.org\/pt\/wp-json\/wp\/v2\/posts"}],"about":[{"href":"https:\/\/test.universalchurchusa.org\/pt\/wp-json\/wp\/v2\/types\/post"}],"author":[{"embeddable":true,"href":"https:\/\/test.universalchurchusa.org\/pt\/wp-json\/wp\/v2\/users\/246"}],"replies":[{"embeddable":true,"href":"https:\/\/test.universalchurchusa.org\/pt\/wp-json\/wp\/v2\/comments?post=355313"}],"version-history":[{"count":4,"href":"https:\/\/test.universalchurchusa.org\/pt\/wp-json\/wp\/v2\/posts\/355313\/revisions"}],"predecessor-version":[{"id":357056,"href":"https:\/\/test.universalchurchusa.org\/pt\/wp-json\/wp\/v2\/posts\/355313\/revisions\/357056"}],"wp:featuredmedia":[{"embeddable":true,"href":"https:\/\/test.universalchurchusa.org\/pt\/wp-json\/wp\/v2\/media\/357039"}],"wp:attachment":[{"href":"https:\/\/test.universalchurchusa.org\/pt\/wp-json\/wp\/v2\/media?parent=355313"}],"wp:term":[{"taxonomy":"category","embeddable":true,"href":"https:\/\/test.universalchurchusa.org\/pt\/wp-json\/wp\/v2\/categories?post=355313"},{"taxonomy":"post_tag","embeddable":true,"href":"https:\/\/test.universalchurchusa.org\/pt\/wp-json\/wp\/v2\/tags?post=355313"},{"taxonomy":"site","embeddable":true,"href":"https:\/\/test.universalchurchusa.org\/pt\/wp-json\/wp\/v2\/site?post=355313"}],"curies":[{"name":"wp","href":"https:\/\/api.w.org\/{rel}","templated":true}]}}